{"id":2172,"date":"2021-03-10T15:26:13","date_gmt":"2021-03-10T14:26:13","guid":{"rendered":"https:\/\/belohorizonte.eleusal.com\/?p=2172"},"modified":"2021-03-10T15:26:13","modified_gmt":"2021-03-10T14:26:13","slug":"inscricoes-abertas-para-curso-de-professores-de-espanhol","status":"publish","type":"post","link":"https:\/\/belohorizonte.eleusal.com\/pt-br\/inscricoes-abertas-para-curso-de-professores-de-espanhol\/","title":{"rendered":"Inscri\u00e7\u00f5es abertas para curso de professores de espanhol"},"content":{"rendered":"<p><img loading=\"lazy\" decoding=\"async\" class=\"size-medium wp-image-1476 alignleft\" src=\"http:\/\/belohorizonte-dev.elemultisite.eleusal.com\/wp-content\/uploads\/sites\/8\/2019\/11\/para-blog-ele-usal-con-texto-700-pp-239x300.jpg\" alt=\"\" width=\"239\" height=\"300\" srcset=\"https:\/\/belohorizonte.eleusal.com\/wp-content\/uploads\/sites\/18\/2019\/11\/para-blog-ele-usal-con-texto-700-pp-239x300.jpg 239w, https:\/\/belohorizonte.eleusal.com\/wp-content\/uploads\/sites\/18\/2019\/11\/para-blog-ele-usal-con-texto-700-pp.jpg 557w\" sizes=\"auto, (max-width: 239px) 100vw, 239px\" \/>\u00a0 \u00a0Mais de vinte milh\u00f5es de pessoas em todo o mundo estudam espanhol como l\u00edngua estrangeira e esse n\u00famero est\u00e1 crescendo a cada ano. A demanda por professores de espanhol, dentro e fora da Espanha, tamb\u00e9m est\u00e1 crescendo.<\/p>\n<p>Nosso curso de professor de espanhol para estrangeiros foi pensado para que qualquer falante de espanhol possa ensinar sua l\u00edngua materna a milh\u00f5es de pessoas que a desejam falar. Uma oportunidade de entrar em uma profiss\u00e3o em que quase n\u00e3o h\u00e1 desemprego.<\/p>\n","protected":false},"excerpt":{"rendered":"<p>\u00a0 \u00a0Mais de vinte milh\u00f5es de pessoas em todo o mundo estudam espanhol como l\u00edngua estrangeira e esse n\u00famero est\u00e1 crescendo a cada ano. A demanda por professores de espanhol, dentro e fora da Espanha, tamb\u00e9m est\u00e1 crescendo. Nosso curso de professor de espanhol para estrangeiros foi pensado para que qualquer falante de espanhol possa ensinar sua l\u00edngua materna a milh\u00f5es de pessoas que a desejam falar. Uma oportunidade de entrar em uma profiss\u00e3o em que quase n\u00e3o h\u00e1 desemprego.<\/p>\n","protected":false},"author":17,"featured_media":1122,"comment_status":"open","ping_status":"open","sticky":false,"template":"","format":"standard","meta":{"footnotes":""},"categories":[110],"tags":[],"class_list":["post-2172","post","type-post","status-publish","format-standard","has-post-thumbnail","hentry","category-nao-categorizado"],"yoast_head":"<!-- This site is optimized with the Yoast SEO plugin v24.2 - https:\/\/yoast.com\/wordpress\/plugins\/seo\/ -->\n<title>Inscri\u00e7\u00f5es abertas para curso de professores de espanhol - ELE USAL Belo Horizonte<\/title>\n<meta name=\"robots\" content=\"index, follow, max-snippet:-1, max-image-preview:large, max-video-preview:-1\" \/>\n<link rel=\"canonical\" href=\"https:\/\/belohorizonte.eleusal.com\/pt-br\/inscricoes-abertas-para-curso-de-professores-de-espanhol\/\" \/>\n<meta property=\"og:locale\" content=\"pt_BR\" \/>\n<meta property=\"og:type\" content=\"article\" \/>\n<meta property=\"og:title\" content=\"Inscri\u00e7\u00f5es abertas para curso de professores de espanhol - ELE USAL Belo Horizonte\" \/>\n<meta property=\"og:description\" content=\"\u00a0 \u00a0Mais de vinte milh\u00f5es de pessoas em todo o mundo estudam espanhol como l\u00edngua estrangeira e esse n\u00famero est\u00e1 crescendo a cada ano. A demanda por professores de espanhol, dentro e fora da Espanha, tamb\u00e9m est\u00e1 crescendo. Nosso curso de professor de espanhol para estrangeiros foi pensado para que qualquer falante de espanhol possa ensinar sua l\u00edngua materna a milh\u00f5es de pessoas que a desejam falar. Uma oportunidade de entrar em uma profiss\u00e3o em que quase n\u00e3o h\u00e1 desemprego.\" \/>\n<meta property=\"og:url\" content=\"https:\/\/belohorizonte.eleusal.com\/pt-br\/inscricoes-abertas-para-curso-de-professores-de-espanhol\/\" \/>\n<meta property=\"og:site_name\" content=\"ELE USAL Belo Horizonte\" \/>\n<meta property=\"article:published_time\" content=\"2021-03-10T14:26:13+00:00\" \/>\n<meta property=\"og:image\" content=\"https:\/\/belohorizonte.eleusal.com\/wp-content\/uploads\/sites\/18\/2019\/10\/Profesora.jpg\" \/>\n\t<meta property=\"og:image:width\" content=\"1000\" \/>\n\t<meta property=\"og:image:height\" content=\"667\" \/>\n\t<meta property=\"og:image:type\" content=\"image\/jpeg\" \/>\n<meta name=\"author\" content=\"belohorizonte\" \/>\n<meta name=\"twitter:card\" content=\"summary_large_image\" \/>\n<meta name=\"twitter:label1\" content=\"Escrito por\" \/>\n\t<meta name=\"twitter:data1\" content=\"belohorizonte\" \/>\n<script type=\"application\/ld+json\" class=\"yoast-schema-graph\">{\"@context\":\"https:\/\/schema.org\",\"@graph\":[{\"@type\":\"WebPage\",\"@id\":\"https:\/\/belohorizonte.eleusal.com\/pt-br\/inscricoes-abertas-para-curso-de-professores-de-espanhol\/\",\"url\":\"https:\/\/belohorizonte.eleusal.com\/pt-br\/inscricoes-abertas-para-curso-de-professores-de-espanhol\/\",\"name\":\"Inscri\u00e7\u00f5es abertas para curso de professores de espanhol - ELE USAL Belo Horizonte\",\"isPartOf\":{\"@id\":\"https:\/\/belohorizonte.eleusal.com\/#website\"},\"primaryImageOfPage\":{\"@id\":\"https:\/\/belohorizonte.eleusal.com\/pt-br\/inscricoes-abertas-para-curso-de-professores-de-espanhol\/#primaryimage\"},\"image\":{\"@id\":\"https:\/\/belohorizonte.eleusal.com\/pt-br\/inscricoes-abertas-para-curso-de-professores-de-espanhol\/#primaryimage\"},\"thumbnailUrl\":\"https:\/\/belohorizonte.eleusal.com\/wp-content\/uploads\/sites\/18\/2019\/10\/Profesora.jpg\",\"datePublished\":\"2021-03-10T14:26:13+00:00\",\"dateModified\":\"2021-03-10T14:26:13+00:00\",\"author\":{\"@id\":\"https:\/\/belohorizonte.eleusal.com\/#\/schema\/person\/cf97ab3b73a3122a5cda786faa6f60e4\"},\"breadcrumb\":{\"@id\":\"https:\/\/belohorizonte.eleusal.com\/pt-br\/inscricoes-abertas-para-curso-de-professores-de-espanhol\/#breadcrumb\"},\"inLanguage\":\"pt-BR\",\"potentialAction\":[{\"@type\":\"ReadAction\",\"target\":[\"https:\/\/belohorizonte.eleusal.com\/pt-br\/inscricoes-abertas-para-curso-de-professores-de-espanhol\/\"]}]},{\"@type\":\"ImageObject\",\"inLanguage\":\"pt-BR\",\"@id\":\"https:\/\/belohorizonte.eleusal.com\/pt-br\/inscricoes-abertas-para-curso-de-professores-de-espanhol\/#primaryimage\",\"url\":\"https:\/\/belohorizonte.eleusal.com\/wp-content\/uploads\/sites\/18\/2019\/10\/Profesora.jpg\",\"contentUrl\":\"https:\/\/belohorizonte.eleusal.com\/wp-content\/uploads\/sites\/18\/2019\/10\/Profesora.jpg\",\"width\":1000,\"height\":667,\"caption\":\"Teacher giving lesson to students in classroom. Teacher holds folder in classroom of school or university. Education, school, learning. Teacher in classroom. Smiling girl student or woman teacher.\"},{\"@type\":\"BreadcrumbList\",\"@id\":\"https:\/\/belohorizonte.eleusal.com\/pt-br\/inscricoes-abertas-para-curso-de-professores-de-espanhol\/#breadcrumb\",\"itemListElement\":[{\"@type\":\"ListItem\",\"position\":1,\"name\":\"Home\",\"item\":\"https:\/\/belohorizonte.eleusal.com\/pt-br\/\"},{\"@type\":\"ListItem\",\"position\":2,\"name\":\"Inscri\u00e7\u00f5es abertas para curso de professores de espanhol\"}]},{\"@type\":\"WebSite\",\"@id\":\"https:\/\/belohorizonte.eleusal.com\/#website\",\"url\":\"https:\/\/belohorizonte.eleusal.com\/\",\"name\":\"ELE USAL Belo Horizonte\",\"description\":\"ELE USAL\",\"potentialAction\":[{\"@type\":\"SearchAction\",\"target\":{\"@type\":\"EntryPoint\",\"urlTemplate\":\"https:\/\/belohorizonte.eleusal.com\/?s={search_term_string}\"},\"query-input\":{\"@type\":\"PropertyValueSpecification\",\"valueRequired\":true,\"valueName\":\"search_term_string\"}}],\"inLanguage\":\"pt-BR\"},{\"@type\":\"Person\",\"@id\":\"https:\/\/belohorizonte.eleusal.com\/#\/schema\/person\/cf97ab3b73a3122a5cda786faa6f60e4\",\"name\":\"belohorizonte\",\"image\":{\"@type\":\"ImageObject\",\"inLanguage\":\"pt-BR\",\"@id\":\"https:\/\/belohorizonte.eleusal.com\/#\/schema\/person\/image\/\",\"url\":\"https:\/\/secure.gravatar.com\/avatar\/447da2257efad394daa879bf785493ef?s=96&d=mm&r=g\",\"contentUrl\":\"https:\/\/secure.gravatar.com\/avatar\/447da2257efad394daa879bf785493ef?s=96&d=mm&r=g\",\"caption\":\"belohorizonte\"},\"url\":\"https:\/\/belohorizonte.eleusal.com\/pt-br\/author\/belohorizonte\/\"}]}<\/script>\n<!-- \/ Yoast SEO plugin. -->","yoast_head_json":{"title":"Inscri\u00e7\u00f5es abertas para curso de professores de espanhol - ELE USAL Belo Horizonte","robots":{"index":"index","follow":"follow","max-snippet":"max-snippet:-1","max-image-preview":"max-image-preview:large","max-video-preview":"max-video-preview:-1"},"canonical":"https:\/\/belohorizonte.eleusal.com\/pt-br\/inscricoes-abertas-para-curso-de-professores-de-espanhol\/","og_locale":"pt_BR","og_type":"article","og_title":"Inscri\u00e7\u00f5es abertas para curso de professores de espanhol - ELE USAL Belo Horizonte","og_description":"\u00a0 \u00a0Mais de vinte milh\u00f5es de pessoas em todo o mundo estudam espanhol como l\u00edngua estrangeira e esse n\u00famero est\u00e1 crescendo a cada ano. A demanda por professores de espanhol, dentro e fora da Espanha, tamb\u00e9m est\u00e1 crescendo. Nosso curso de professor de espanhol para estrangeiros foi pensado para que qualquer falante de espanhol possa ensinar sua l\u00edngua materna a milh\u00f5es de pessoas que a desejam falar. Uma oportunidade de entrar em uma profiss\u00e3o em que quase n\u00e3o h\u00e1 desemprego.","og_url":"https:\/\/belohorizonte.eleusal.com\/pt-br\/inscricoes-abertas-para-curso-de-professores-de-espanhol\/","og_site_name":"ELE USAL Belo Horizonte","article_published_time":"2021-03-10T14:26:13+00:00","og_image":[{"width":1000,"height":667,"url":"https:\/\/belohorizonte.eleusal.com\/wp-content\/uploads\/sites\/18\/2019\/10\/Profesora.jpg","type":"image\/jpeg"}],"author":"belohorizonte","twitter_card":"summary_large_image","twitter_misc":{"Escrito por":"belohorizonte"},"schema":{"@context":"https:\/\/schema.org","@graph":[{"@type":"WebPage","@id":"https:\/\/belohorizonte.eleusal.com\/pt-br\/inscricoes-abertas-para-curso-de-professores-de-espanhol\/","url":"https:\/\/belohorizonte.eleusal.com\/pt-br\/inscricoes-abertas-para-curso-de-professores-de-espanhol\/","name":"Inscri\u00e7\u00f5es abertas para curso de professores de espanhol - ELE USAL Belo Horizonte","isPartOf":{"@id":"https:\/\/belohorizonte.eleusal.com\/#website"},"primaryImageOfPage":{"@id":"https:\/\/belohorizonte.eleusal.com\/pt-br\/inscricoes-abertas-para-curso-de-professores-de-espanhol\/#primaryimage"},"image":{"@id":"https:\/\/belohorizonte.eleusal.com\/pt-br\/inscricoes-abertas-para-curso-de-professores-de-espanhol\/#primaryimage"},"thumbnailUrl":"https:\/\/belohorizonte.eleusal.com\/wp-content\/uploads\/sites\/18\/2019\/10\/Profesora.jpg","datePublished":"2021-03-10T14:26:13+00:00","dateModified":"2021-03-10T14:26:13+00:00","author":{"@id":"https:\/\/belohorizonte.eleusal.com\/#\/schema\/person\/cf97ab3b73a3122a5cda786faa6f60e4"},"breadcrumb":{"@id":"https:\/\/belohorizonte.eleusal.com\/pt-br\/inscricoes-abertas-para-curso-de-professores-de-espanhol\/#breadcrumb"},"inLanguage":"pt-BR","potentialAction":[{"@type":"ReadAction","target":["https:\/\/belohorizonte.eleusal.com\/pt-br\/inscricoes-abertas-para-curso-de-professores-de-espanhol\/"]}]},{"@type":"ImageObject","inLanguage":"pt-BR","@id":"https:\/\/belohorizonte.eleusal.com\/pt-br\/inscricoes-abertas-para-curso-de-professores-de-espanhol\/#primaryimage","url":"https:\/\/belohorizonte.eleusal.com\/wp-content\/uploads\/sites\/18\/2019\/10\/Profesora.jpg","contentUrl":"https:\/\/belohorizonte.eleusal.com\/wp-content\/uploads\/sites\/18\/2019\/10\/Profesora.jpg","width":1000,"height":667,"caption":"Teacher giving lesson to students in classroom. Teacher holds folder in classroom of school or university. Education, school, learning. Teacher in classroom. Smiling girl student or woman teacher."},{"@type":"BreadcrumbList","@id":"https:\/\/belohorizonte.eleusal.com\/pt-br\/inscricoes-abertas-para-curso-de-professores-de-espanhol\/#breadcrumb","itemListElement":[{"@type":"ListItem","position":1,"name":"Home","item":"https:\/\/belohorizonte.eleusal.com\/pt-br\/"},{"@type":"ListItem","position":2,"name":"Inscri\u00e7\u00f5es abertas para curso de professores de espanhol"}]},{"@type":"WebSite","@id":"https:\/\/belohorizonte.eleusal.com\/#website","url":"https:\/\/belohorizonte.eleusal.com\/","name":"ELE USAL Belo Horizonte","description":"ELE USAL","potentialAction":[{"@type":"SearchAction","target":{"@type":"EntryPoint","urlTemplate":"https:\/\/belohorizonte.eleusal.com\/?s={search_term_string}"},"query-input":{"@type":"PropertyValueSpecification","valueRequired":true,"valueName":"search_term_string"}}],"inLanguage":"pt-BR"},{"@type":"Person","@id":"https:\/\/belohorizonte.eleusal.com\/#\/schema\/person\/cf97ab3b73a3122a5cda786faa6f60e4","name":"belohorizonte","image":{"@type":"ImageObject","inLanguage":"pt-BR","@id":"https:\/\/belohorizonte.eleusal.com\/#\/schema\/person\/image\/","url":"https:\/\/secure.gravatar.com\/avatar\/447da2257efad394daa879bf785493ef?s=96&d=mm&r=g","contentUrl":"https:\/\/secure.gravatar.com\/avatar\/447da2257efad394daa879bf785493ef?s=96&d=mm&r=g","caption":"belohorizonte"},"url":"https:\/\/belohorizonte.eleusal.com\/pt-br\/author\/belohorizonte\/"}]}},"_links":{"self":[{"href":"https:\/\/belohorizonte.eleusal.com\/pt-br\/wp-json\/wp\/v2\/posts\/2172","targetHints":{"allow":["GET"]}}],"collection":[{"href":"https:\/\/belohorizonte.eleusal.com\/pt-br\/wp-json\/wp\/v2\/posts"}],"about":[{"href":"https:\/\/belohorizonte.eleusal.com\/pt-br\/wp-json\/wp\/v2\/types\/post"}],"author":[{"embeddable":true,"href":"https:\/\/belohorizonte.eleusal.com\/pt-br\/wp-json\/wp\/v2\/users\/17"}],"replies":[{"embeddable":true,"href":"https:\/\/belohorizonte.eleusal.com\/pt-br\/wp-json\/wp\/v2\/comments?post=2172"}],"version-history":[{"count":1,"href":"https:\/\/belohorizonte.eleusal.com\/pt-br\/wp-json\/wp\/v2\/posts\/2172\/revisions"}],"predecessor-version":[{"id":2178,"href":"https:\/\/belohorizonte.eleusal.com\/pt-br\/wp-json\/wp\/v2\/posts\/2172\/revisions\/2178"}],"wp:featuredmedia":[{"embeddable":true,"href":"https:\/\/belohorizonte.eleusal.com\/pt-br\/wp-json\/wp\/v2\/media\/1122"}],"wp:attachment":[{"href":"https:\/\/belohorizonte.eleusal.com\/pt-br\/wp-json\/wp\/v2\/media?parent=2172"}],"wp:term":[{"taxonomy":"category","embeddable":true,"href":"https:\/\/belohorizonte.eleusal.com\/pt-br\/wp-json\/wp\/v2\/categories?post=2172"},{"taxonomy":"post_tag","embeddable":true,"href":"https:\/\/belohorizonte.eleusal.com\/pt-br\/wp-json\/wp\/v2\/tags?post=2172"}],"curies":[{"name":"wp","href":"https:\/\/api.w.org\/{rel}","templated":true}]}}