{"id":2162,"date":"2021-03-10T15:20:10","date_gmt":"2021-03-10T14:20:10","guid":{"rendered":"https:\/\/belohorizonte.eleusal.com\/?p=2162"},"modified":"2021-03-10T15:20:10","modified_gmt":"2021-03-10T14:20:10","slug":"divulgando-a-lingua-e-a-cultura-espanhola","status":"publish","type":"post","link":"https:\/\/belohorizonte.eleusal.com\/pt-br\/divulgando-a-lingua-e-a-cultura-espanhola\/","title":{"rendered":"Divulgando a l\u00edngua e a cultura espanhola"},"content":{"rendered":"<p>Divulgando a l\u00edngua e a cultura no in\u00edcio do ano queremos parabenizar os professores de espanhol das escolas colaboradoras da Escola de L\u00edngua Espanhola da Universidade de Salamanca de Belo Horizonte porque como resultado deste trabalho conjunto, todas as escolas \u00e0s quais damos apoio decidido a continuar oferecendo o espanhol dentro do curr\u00edculo escolar neste ano de 2020. Podem contar conosco porque vamos continuar trabalhando para que em 2021 continue assim.<\/p>\n","protected":false},"excerpt":{"rendered":"<p>Divulgando a l\u00edngua e a cultura no in\u00edcio do ano queremos parabenizar os professores de espanhol das escolas colaboradoras da Escola de L\u00edngua Espanhola da Universidade de Salamanca de Belo Horizonte porque como resultado deste trabalho conjunto, todas as escolas \u00e0s quais damos apoio decidido a continuar oferecendo o espanhol dentro do curr\u00edculo escolar neste ano de 2020. Podem contar conosco porque vamos continuar trabalhando para que em 2021 continue assim.<\/p>\n","protected":false},"author":17,"featured_media":2163,"comment_status":"open","ping_status":"open","sticky":false,"template":"","format":"standard","meta":{"footnotes":""},"categories":[110],"tags":[],"class_list":["post-2162","post","type-post","status-publish","format-standard","has-post-thumbnail","hentry","category-nao-categorizado"],"yoast_head":"<!-- This site is optimized with the Yoast SEO plugin v24.2 - https:\/\/yoast.com\/wordpress\/plugins\/seo\/ -->\n<title>Divulgando a l\u00edngua e a cultura espanhola - ELE USAL Belo Horizonte<\/title>\n<meta name=\"robots\" content=\"index, follow, max-snippet:-1, max-image-preview:large, max-video-preview:-1\" \/>\n<link rel=\"canonical\" href=\"https:\/\/belohorizonte.eleusal.com\/pt-br\/divulgando-a-lingua-e-a-cultura-espanhola\/\" \/>\n<meta property=\"og:locale\" content=\"pt_BR\" \/>\n<meta property=\"og:type\" content=\"article\" \/>\n<meta property=\"og:title\" content=\"Divulgando a l\u00edngua e a cultura espanhola - ELE USAL Belo Horizonte\" \/>\n<meta property=\"og:description\" content=\"Divulgando a l\u00edngua e a cultura no in\u00edcio do ano queremos parabenizar os professores de espanhol das escolas colaboradoras da Escola de L\u00edngua Espanhola da Universidade de Salamanca de Belo Horizonte porque como resultado deste trabalho conjunto, todas as escolas \u00e0s quais damos apoio decidido a continuar oferecendo o espanhol dentro do curr\u00edculo escolar neste ano de 2020. Podem contar conosco porque vamos continuar trabalhando para que em 2021 continue assim.\" \/>\n<meta property=\"og:url\" content=\"https:\/\/belohorizonte.eleusal.com\/pt-br\/divulgando-a-lingua-e-a-cultura-espanhola\/\" \/>\n<meta property=\"og:site_name\" content=\"ELE USAL Belo Horizonte\" \/>\n<meta property=\"article:published_time\" content=\"2021-03-10T14:20:10+00:00\" \/>\n<meta property=\"og:image\" content=\"https:\/\/belohorizonte.eleusal.com\/wp-content\/uploads\/sites\/18\/2019\/11\/test2.jpg\" \/>\n\t<meta property=\"og:image:width\" content=\"700\" \/>\n\t<meta property=\"og:image:height\" content=\"467\" \/>\n\t<meta property=\"og:image:type\" content=\"image\/jpeg\" \/>\n<meta name=\"author\" content=\"belohorizonte\" \/>\n<meta name=\"twitter:card\" content=\"summary_large_image\" \/>\n<meta name=\"twitter:label1\" content=\"Escrito por\" \/>\n\t<meta name=\"twitter:data1\" content=\"belohorizonte\" \/>\n<script type=\"application\/ld+json\" class=\"yoast-schema-graph\">{\"@context\":\"https:\/\/schema.org\",\"@graph\":[{\"@type\":\"WebPage\",\"@id\":\"https:\/\/belohorizonte.eleusal.com\/pt-br\/divulgando-a-lingua-e-a-cultura-espanhola\/\",\"url\":\"https:\/\/belohorizonte.eleusal.com\/pt-br\/divulgando-a-lingua-e-a-cultura-espanhola\/\",\"name\":\"Divulgando a l\u00edngua e a cultura espanhola - ELE USAL Belo Horizonte\",\"isPartOf\":{\"@id\":\"https:\/\/belohorizonte.eleusal.com\/#website\"},\"primaryImageOfPage\":{\"@id\":\"https:\/\/belohorizonte.eleusal.com\/pt-br\/divulgando-a-lingua-e-a-cultura-espanhola\/#primaryimage\"},\"image\":{\"@id\":\"https:\/\/belohorizonte.eleusal.com\/pt-br\/divulgando-a-lingua-e-a-cultura-espanhola\/#primaryimage\"},\"thumbnailUrl\":\"https:\/\/belohorizonte.eleusal.com\/wp-content\/uploads\/sites\/18\/2019\/11\/test2.jpg\",\"datePublished\":\"2021-03-10T14:20:10+00:00\",\"dateModified\":\"2021-03-10T14:20:10+00:00\",\"author\":{\"@id\":\"https:\/\/belohorizonte.eleusal.com\/#\/schema\/person\/cf97ab3b73a3122a5cda786faa6f60e4\"},\"breadcrumb\":{\"@id\":\"https:\/\/belohorizonte.eleusal.com\/pt-br\/divulgando-a-lingua-e-a-cultura-espanhola\/#breadcrumb\"},\"inLanguage\":\"pt-BR\",\"potentialAction\":[{\"@type\":\"ReadAction\",\"target\":[\"https:\/\/belohorizonte.eleusal.com\/pt-br\/divulgando-a-lingua-e-a-cultura-espanhola\/\"]}]},{\"@type\":\"ImageObject\",\"inLanguage\":\"pt-BR\",\"@id\":\"https:\/\/belohorizonte.eleusal.com\/pt-br\/divulgando-a-lingua-e-a-cultura-espanhola\/#primaryimage\",\"url\":\"https:\/\/belohorizonte.eleusal.com\/wp-content\/uploads\/sites\/18\/2019\/11\/test2.jpg\",\"contentUrl\":\"https:\/\/belohorizonte.eleusal.com\/wp-content\/uploads\/sites\/18\/2019\/11\/test2.jpg\",\"width\":700,\"height\":467,\"caption\":\"DELE Y CCSE\"},{\"@type\":\"BreadcrumbList\",\"@id\":\"https:\/\/belohorizonte.eleusal.com\/pt-br\/divulgando-a-lingua-e-a-cultura-espanhola\/#breadcrumb\",\"itemListElement\":[{\"@type\":\"ListItem\",\"position\":1,\"name\":\"Home\",\"item\":\"https:\/\/belohorizonte.eleusal.com\/pt-br\/\"},{\"@type\":\"ListItem\",\"position\":2,\"name\":\"Divulgando a l\u00edngua e a cultura espanhola\"}]},{\"@type\":\"WebSite\",\"@id\":\"https:\/\/belohorizonte.eleusal.com\/#website\",\"url\":\"https:\/\/belohorizonte.eleusal.com\/\",\"name\":\"ELE USAL Belo Horizonte\",\"description\":\"ELE USAL\",\"potentialAction\":[{\"@type\":\"SearchAction\",\"target\":{\"@type\":\"EntryPoint\",\"urlTemplate\":\"https:\/\/belohorizonte.eleusal.com\/?s={search_term_string}\"},\"query-input\":{\"@type\":\"PropertyValueSpecification\",\"valueRequired\":true,\"valueName\":\"search_term_string\"}}],\"inLanguage\":\"pt-BR\"},{\"@type\":\"Person\",\"@id\":\"https:\/\/belohorizonte.eleusal.com\/#\/schema\/person\/cf97ab3b73a3122a5cda786faa6f60e4\",\"name\":\"belohorizonte\",\"image\":{\"@type\":\"ImageObject\",\"inLanguage\":\"pt-BR\",\"@id\":\"https:\/\/belohorizonte.eleusal.com\/#\/schema\/person\/image\/\",\"url\":\"https:\/\/secure.gravatar.com\/avatar\/447da2257efad394daa879bf785493ef?s=96&d=mm&r=g\",\"contentUrl\":\"https:\/\/secure.gravatar.com\/avatar\/447da2257efad394daa879bf785493ef?s=96&d=mm&r=g\",\"caption\":\"belohorizonte\"},\"url\":\"https:\/\/belohorizonte.eleusal.com\/pt-br\/author\/belohorizonte\/\"}]}<\/script>\n<!-- \/ Yoast SEO plugin. -->","yoast_head_json":{"title":"Divulgando a l\u00edngua e a cultura espanhola - ELE USAL Belo Horizonte","robots":{"index":"index","follow":"follow","max-snippet":"max-snippet:-1","max-image-preview":"max-image-preview:large","max-video-preview":"max-video-preview:-1"},"canonical":"https:\/\/belohorizonte.eleusal.com\/pt-br\/divulgando-a-lingua-e-a-cultura-espanhola\/","og_locale":"pt_BR","og_type":"article","og_title":"Divulgando a l\u00edngua e a cultura espanhola - ELE USAL Belo Horizonte","og_description":"Divulgando a l\u00edngua e a cultura no in\u00edcio do ano queremos parabenizar os professores de espanhol das escolas colaboradoras da Escola de L\u00edngua Espanhola da Universidade de Salamanca de Belo Horizonte porque como resultado deste trabalho conjunto, todas as escolas \u00e0s quais damos apoio decidido a continuar oferecendo o espanhol dentro do curr\u00edculo escolar neste ano de 2020. Podem contar conosco porque vamos continuar trabalhando para que em 2021 continue assim.","og_url":"https:\/\/belohorizonte.eleusal.com\/pt-br\/divulgando-a-lingua-e-a-cultura-espanhola\/","og_site_name":"ELE USAL Belo Horizonte","article_published_time":"2021-03-10T14:20:10+00:00","og_image":[{"width":700,"height":467,"url":"https:\/\/belohorizonte.eleusal.com\/wp-content\/uploads\/sites\/18\/2019\/11\/test2.jpg","type":"image\/jpeg"}],"author":"belohorizonte","twitter_card":"summary_large_image","twitter_misc":{"Escrito por":"belohorizonte"},"schema":{"@context":"https:\/\/schema.org","@graph":[{"@type":"WebPage","@id":"https:\/\/belohorizonte.eleusal.com\/pt-br\/divulgando-a-lingua-e-a-cultura-espanhola\/","url":"https:\/\/belohorizonte.eleusal.com\/pt-br\/divulgando-a-lingua-e-a-cultura-espanhola\/","name":"Divulgando a l\u00edngua e a cultura espanhola - ELE USAL Belo Horizonte","isPartOf":{"@id":"https:\/\/belohorizonte.eleusal.com\/#website"},"primaryImageOfPage":{"@id":"https:\/\/belohorizonte.eleusal.com\/pt-br\/divulgando-a-lingua-e-a-cultura-espanhola\/#primaryimage"},"image":{"@id":"https:\/\/belohorizonte.eleusal.com\/pt-br\/divulgando-a-lingua-e-a-cultura-espanhola\/#primaryimage"},"thumbnailUrl":"https:\/\/belohorizonte.eleusal.com\/wp-content\/uploads\/sites\/18\/2019\/11\/test2.jpg","datePublished":"2021-03-10T14:20:10+00:00","dateModified":"2021-03-10T14:20:10+00:00","author":{"@id":"https:\/\/belohorizonte.eleusal.com\/#\/schema\/person\/cf97ab3b73a3122a5cda786faa6f60e4"},"breadcrumb":{"@id":"https:\/\/belohorizonte.eleusal.com\/pt-br\/divulgando-a-lingua-e-a-cultura-espanhola\/#breadcrumb"},"inLanguage":"pt-BR","potentialAction":[{"@type":"ReadAction","target":["https:\/\/belohorizonte.eleusal.com\/pt-br\/divulgando-a-lingua-e-a-cultura-espanhola\/"]}]},{"@type":"ImageObject","inLanguage":"pt-BR","@id":"https:\/\/belohorizonte.eleusal.com\/pt-br\/divulgando-a-lingua-e-a-cultura-espanhola\/#primaryimage","url":"https:\/\/belohorizonte.eleusal.com\/wp-content\/uploads\/sites\/18\/2019\/11\/test2.jpg","contentUrl":"https:\/\/belohorizonte.eleusal.com\/wp-content\/uploads\/sites\/18\/2019\/11\/test2.jpg","width":700,"height":467,"caption":"DELE Y CCSE"},{"@type":"BreadcrumbList","@id":"https:\/\/belohorizonte.eleusal.com\/pt-br\/divulgando-a-lingua-e-a-cultura-espanhola\/#breadcrumb","itemListElement":[{"@type":"ListItem","position":1,"name":"Home","item":"https:\/\/belohorizonte.eleusal.com\/pt-br\/"},{"@type":"ListItem","position":2,"name":"Divulgando a l\u00edngua e a cultura espanhola"}]},{"@type":"WebSite","@id":"https:\/\/belohorizonte.eleusal.com\/#website","url":"https:\/\/belohorizonte.eleusal.com\/","name":"ELE USAL Belo Horizonte","description":"ELE USAL","potentialAction":[{"@type":"SearchAction","target":{"@type":"EntryPoint","urlTemplate":"https:\/\/belohorizonte.eleusal.com\/?s={search_term_string}"},"query-input":{"@type":"PropertyValueSpecification","valueRequired":true,"valueName":"search_term_string"}}],"inLanguage":"pt-BR"},{"@type":"Person","@id":"https:\/\/belohorizonte.eleusal.com\/#\/schema\/person\/cf97ab3b73a3122a5cda786faa6f60e4","name":"belohorizonte","image":{"@type":"ImageObject","inLanguage":"pt-BR","@id":"https:\/\/belohorizonte.eleusal.com\/#\/schema\/person\/image\/","url":"https:\/\/secure.gravatar.com\/avatar\/447da2257efad394daa879bf785493ef?s=96&d=mm&r=g","contentUrl":"https:\/\/secure.gravatar.com\/avatar\/447da2257efad394daa879bf785493ef?s=96&d=mm&r=g","caption":"belohorizonte"},"url":"https:\/\/belohorizonte.eleusal.com\/pt-br\/author\/belohorizonte\/"}]}},"_links":{"self":[{"href":"https:\/\/belohorizonte.eleusal.com\/pt-br\/wp-json\/wp\/v2\/posts\/2162","targetHints":{"allow":["GET"]}}],"collection":[{"href":"https:\/\/belohorizonte.eleusal.com\/pt-br\/wp-json\/wp\/v2\/posts"}],"about":[{"href":"https:\/\/belohorizonte.eleusal.com\/pt-br\/wp-json\/wp\/v2\/types\/post"}],"author":[{"embeddable":true,"href":"https:\/\/belohorizonte.eleusal.com\/pt-br\/wp-json\/wp\/v2\/users\/17"}],"replies":[{"embeddable":true,"href":"https:\/\/belohorizonte.eleusal.com\/pt-br\/wp-json\/wp\/v2\/comments?post=2162"}],"version-history":[{"count":1,"href":"https:\/\/belohorizonte.eleusal.com\/pt-br\/wp-json\/wp\/v2\/posts\/2162\/revisions"}],"predecessor-version":[{"id":2166,"href":"https:\/\/belohorizonte.eleusal.com\/pt-br\/wp-json\/wp\/v2\/posts\/2162\/revisions\/2166"}],"wp:featuredmedia":[{"embeddable":true,"href":"https:\/\/belohorizonte.eleusal.com\/pt-br\/wp-json\/wp\/v2\/media\/2163"}],"wp:attachment":[{"href":"https:\/\/belohorizonte.eleusal.com\/pt-br\/wp-json\/wp\/v2\/media?parent=2162"}],"wp:term":[{"taxonomy":"category","embeddable":true,"href":"https:\/\/belohorizonte.eleusal.com\/pt-br\/wp-json\/wp\/v2\/categories?post=2162"},{"taxonomy":"post_tag","embeddable":true,"href":"https:\/\/belohorizonte.eleusal.com\/pt-br\/wp-json\/wp\/v2\/tags?post=2162"}],"curies":[{"name":"wp","href":"https:\/\/api.w.org\/{rel}","templated":true}]}}